{"id":6774,"date":"2025-04-09T15:45:01","date_gmt":"2025-04-09T13:45:01","guid":{"rendered":"https:\/\/www.criminologi.com\/web\/?p=6774"},"modified":"2025-04-09T15:45:01","modified_gmt":"2025-04-09T13:45:01","slug":"comunicato-stampa-convegno-il-tombarolo-assassino-della-storia-o-maschera-popolare-del-csc-centro-per-gli-studi-criminologici","status":"publish","type":"post","link":"https:\/\/www.criminologi.com\/web\/comunicato-stampa-convegno-il-tombarolo-assassino-della-storia-o-maschera-popolare-del-csc-centro-per-gli-studi-criminologici\/","title":{"rendered":"COMUNICATO STAMPA: &#8220;Convegno &#8220;Il tombarolo: assassino della storia o maschera popolare&#8221; del CSC &#8211; Centro per gli Studi Criminologici"},"content":{"rendered":"<p style=\"text-align: center;\"><strong>Convegno &#8220;<em>Il tombarolo: assassino della storia o maschera popolare<\/em>&#8220;<\/strong><\/p>\n<p style=\"text-align: center;\"><strong>11 aprile 2025<\/strong><\/p>\n<p style=\"text-align: center;\"><strong>Sala Assemblee della Fondazione Carivit, Palazzo Brugiotti, Via Cavour n. 67, Viterbo<\/strong><\/p>\n<p style=\"text-align: center;\"><strong>CSC &#8211; Centro per gli Studi Criminologici<\/strong><\/p>\n<p>&nbsp;<\/p>\n<p>L\u2019<strong>11 aprile 2025<\/strong>, dalle ore <strong>15.30<\/strong> alle <strong>18.00<\/strong>, presso la <strong>Sala Assemblee, Palazzo Brugiotti della Fondazione Carivit<\/strong>, si terr\u00e0 il Convegno Nazionale \u201c<strong><em>Il tombarolo: assassino della storia o maschera popolare<\/em><\/strong>&#8220;, organizzato dal <strong>Centro per gli Studi Criminologici<\/strong>, <strong>Istituto Culturale<\/strong> del Ministero della Cultura, Ente di formazione accreditato alla Regione Lazio per la formazione Superiore e continua,<\/p>\n<p>&nbsp;<\/p>\n<p>L&#8217;evento, che inaugurer\u00e0 la V edizione della <strong>Scuola Biennale di Alta Formazione in Archeologia Giudiziaria\u00ae e crimini contro il Patrimonio Culturale<\/strong> istituita dal Centro per gli Studi Criminologici, e che rappresenta un importante momento di <strong>approfondimento<\/strong>, sar\u00e0 incentrato sul contrasto al <strong>traffico illecito dei Beni Culturali<\/strong>.<\/p>\n<p>&nbsp;<\/p>\n<p>Al centro la figura del \u201c<strong>tombarolo<\/strong>\u201d che sar\u00e0 analizzata sia dal punto di vista storico e culturale che approfondendone gli aspetti legislativi e altres\u00ec criminologici legati a tali attivit\u00e0 clandestine. Scopo del Convegno \u00e8 dunque quello di offrire ai presenti una fotografia della situazione odierna mediante l\u2019intervento del Comando Carabinieri per la Tutela del Patrimonio Culturale, nonch\u00e9 quello di evidenziare l\u2019importanza di un corretto scavo archeologico per fornire informazioni rilevanti sulla popolazione, la cultura e l\u2019economia di un territorio.<\/p>\n<p>&nbsp;<\/p>\n<p>&#8220;Crediamo fortemente che il primo mezzo per poter tutelare il nostro patrimonio culturale e, di conseguenza, la nostra storia e il nostro senso di identit\u00e0, sia appunto la divulgazione scientifica. Divulgazione da intendersi quale messa a disposizione dei pi\u00f9, oltre agli operatori del settore di riferimento, di nozioni e conoscenze trasmesse da esperti tra i pi\u00f9 rinomati in materia di tutela, conservazione e valorizzazione dei beni culturali in generale&#8221;, cos\u00ec <strong>Marcello Cevoli<\/strong>,<strong> Presidente del CSC<\/strong>.<\/p>\n<p>&nbsp;<\/p>\n<p>Il convegno vedr\u00e0 gli interventi di relatori di prestigio, tra cui:<\/p>\n<ul>\n<li><strong>Andrea Natali<\/strong>, Direttore della Scuola biennale di Alta Formazione in Archeologia Giudiziaria\u00ae e Crimini contro il Patrimonio Culturale e autore del Manuale di Conservazione dei Beni Culturali<\/li>\n<li><strong>Fabrizio Ballarini<\/strong>, Avvocato e Presidente del Comitato Scientifico della Scuola biennale di Alta Formazione in Archeologia Giudiziaria\u00ae e Crimini contro il Patrimonio Culturale<\/li>\n<li><strong>Claudio Mariani<\/strong>, Avvocato Criminologo, Componente del Comitato Scientifico, direttore dell\u2019Area Criminologia, Vittimologia e Studi Penitenziari del Centro per gli Studi Criminologici<\/li>\n<li><strong>Col. Paolo Befera<\/strong>, Comandante del Reparto Operativo del Nucleo Tutela Patrimonio Culturale<\/li>\n<li><strong>Vincenzo D\u2019Ercole<\/strong>, gi\u00e0 funzionario archeologo Mic e professore di Civilt\u00e0 dell\u2019Italia preromana ed Etruscologia ed Antichit\u00e0 Italiche presso l\u2019Universit\u00e0 D\u2019Annunzio di Chieti-Pescara<\/li>\n<\/ul>\n<p>Il convegno \u00e8 totalmente gratuito e ha ottenuto il patrocinio della Prefettura di Viterbo, della Regione Lazio, della Provincia di Viterbo, del Comune di Viterbo e della Fondazione Carivit.<\/p>\n<p>Viterbo 07\/04\/2025<\/p>\n<p><strong>Centro per gli Studi Criminologici, giuridici e sociologici<\/strong><\/p>\n<p>&nbsp;<\/p>\n<p><em><strong>RASSEGNA STAMPA:<\/strong><\/em><\/p>\n<p><a href=\"https:\/\/www.tusciatimes.eu\/viterbo-a-palazzo-brugiotti-il-convegno-il-tombarolo-assassino-della-storia-o-maschera-popolare\/\">https:\/\/www.tusciatimes.eu\/viterbo-a-palazzo-brugiotti-il-convegno-il-tombarolo-assassino-della-storia-o-maschera-popolare\/<\/a><\/p>\n<p><a href=\"https:\/\/www.tusciaup.com\/il-tombarolo-assassino-della-storia-o-maschera-popolare-se-ne-parla-a-palazzo-brugiotti\/331269\">https:\/\/www.tusciaup.com\/il-tombarolo-assassino-della-storia-o-maschera-popolare-se-ne-parla-a-palazzo-brugiotti\/331269<\/a><\/p>\n<p><a href=\"https:\/\/artemagazine.it\/il-tombarolo-tra-mito-popolare-e-crimine-culturale-a-viterbo-un-convegno-ne-analizza-le-sfumature\/\">https:\/\/artemagazine.it\/il-tombarolo-tra-mito-popolare-e-crimine-culturale-a-viterbo-un-convegno-ne-analizza-le-sfumature\/<\/a><\/p>\n<p><a href=\"https:\/\/www.viterbox.it\/eventi\/convegno-su-quotil-tombarolo-assassino-della-storia-o-maschera-popolarequot-venerdi-11-aprile_14282.htm\">https:\/\/www.viterbox.it\/eventi\/convegno-su-quotil-tombarolo-assassino-della-storia-o-maschera-popolarequot-venerdi-11-aprile_14282.htm<\/a><\/p>\n<p><a href=\"https:\/\/www.archeologiaepaesaggio.it\/news\/1059-convegno-il-tombarolo-assassino-della-storia-o-maschera-popolare.html\">https:\/\/www.archeologiaepaesaggio.it\/news\/1059-convegno-il-tombarolo-assassino-della-storia-o-maschera-popolare.html<\/a><\/p>\n","protected":false},"excerpt":{"rendered":"<p>Convegno &#8220;Il tombarolo: assassino della storia o maschera popolare&#8220; 11 aprile 2025 Sala Assemblee della Fondazione Carivit, Palazzo Brugiotti, Via Cavour n. 67, Viterbo CSC &#8211; Centro per gli Studi&#8230;<\/p>\n","protected":false},"author":1866,"featured_media":6775,"comment_status":"closed","ping_status":"open","sticky":false,"template":"","format":"standard","meta":{"_acf_changed":false,"footnotes":""},"categories":[181,452],"tags":[],"class_list":["post-6774","post","type-post","status-publish","format-standard","has-post-thumbnail","hentry","category-archeologia-giudiziaria","category-comunicati-stampa"],"acf":[],"yoast_head":"<!-- This site is optimized with the Yoast SEO plugin v28.0 - https:\/\/yoast.com\/product\/yoast-seo-wordpress\/ -->\n<title>COMUNICATO STAMPA: &quot;Convegno &quot;Il tombarolo: assassino della storia o maschera popolare&quot; del CSC - Centro per gli Studi Criminologici - CSC - Centro per gli Studi Criminologici<\/title>\n<meta name=\"robots\" content=\"index, follow, max-snippet:-1, max-image-preview:large, max-video-preview:-1\" \/>\n<link rel=\"canonical\" href=\"https:\/\/www.criminologi.com\/web\/comunicato-stampa-convegno-il-tombarolo-assassino-della-storia-o-maschera-popolare-del-csc-centro-per-gli-studi-criminologici\/\" \/>\n<meta property=\"og:locale\" content=\"it_IT\" \/>\n<meta property=\"og:type\" content=\"article\" \/>\n<meta property=\"og:title\" content=\"COMUNICATO STAMPA: &quot;Convegno &quot;Il tombarolo: assassino della storia o maschera popolare&quot; del CSC - Centro per gli Studi Criminologici - CSC - Centro per gli Studi Criminologici\" \/>\n<meta property=\"og:description\" content=\"Convegno &#8220;Il tombarolo: assassino della storia o maschera popolare&#8220; 11 aprile 2025 Sala Assemblee della Fondazione Carivit, Palazzo Brugiotti, Via Cavour n. 67, Viterbo CSC &#8211; Centro per gli Studi...\" \/>\n<meta property=\"og:url\" content=\"https:\/\/www.criminologi.com\/web\/comunicato-stampa-convegno-il-tombarolo-assassino-della-storia-o-maschera-popolare-del-csc-centro-per-gli-studi-criminologici\/\" \/>\n<meta property=\"og:site_name\" content=\"CSC - Centro per gli Studi Criminologici\" \/>\n<meta property=\"article:publisher\" content=\"https:\/\/www.facebook.com\/criminologipuntocom\/?fref=ts\" \/>\n<meta property=\"article:published_time\" content=\"2025-04-09T13:45:01+00:00\" \/>\n<meta property=\"og:image\" content=\"https:\/\/www.criminologi.com\/web\/wp-content\/uploads\/2025\/04\/LOCANDINA-TOMBAROLI-724x1024.png\" \/>\n\t<meta property=\"og:image:width\" content=\"724\" \/>\n\t<meta property=\"og:image:height\" content=\"1024\" \/>\n\t<meta property=\"og:image:type\" content=\"image\/png\" \/>\n<meta name=\"author\" content=\"Sharon Angelucci\" \/>\n<meta name=\"twitter:card\" content=\"summary_large_image\" \/>\n<meta name=\"twitter:creator\" content=\"@CriminologicomC\" \/>\n<meta name=\"twitter:site\" content=\"@CriminologicomC\" \/>\n<meta name=\"twitter:label1\" content=\"Scritto da\" \/>\n\t<meta name=\"twitter:data1\" content=\"Sharon Angelucci\" \/>\n\t<meta name=\"twitter:label2\" content=\"Tempo di lettura stimato\" \/>\n\t<meta name=\"twitter:data2\" content=\"3 minuti\" \/>\n<script type=\"application\/ld+json\" class=\"yoast-schema-graph\">{\"@context\":\"https:\\\/\\\/schema.org\",\"@graph\":[{\"@type\":\"Article\",\"@id\":\"https:\\\/\\\/www.criminologi.com\\\/web\\\/comunicato-stampa-convegno-il-tombarolo-assassino-della-storia-o-maschera-popolare-del-csc-centro-per-gli-studi-criminologici\\\/#article\",\"isPartOf\":{\"@id\":\"https:\\\/\\\/www.criminologi.com\\\/web\\\/comunicato-stampa-convegno-il-tombarolo-assassino-della-storia-o-maschera-popolare-del-csc-centro-per-gli-studi-criminologici\\\/\"},\"author\":{\"name\":\"Sharon Angelucci\",\"@id\":\"https:\\\/\\\/www.criminologi.com\\\/web\\\/#\\\/schema\\\/person\\\/ca70c594fb2c8f4461460cec3773e037\"},\"headline\":\"COMUNICATO STAMPA: &#8220;Convegno &#8220;Il tombarolo: assassino della storia o maschera popolare&#8221; del CSC &#8211; Centro per gli Studi Criminologici\",\"datePublished\":\"2025-04-09T13:45:01+00:00\",\"mainEntityOfPage\":{\"@id\":\"https:\\\/\\\/www.criminologi.com\\\/web\\\/comunicato-stampa-convegno-il-tombarolo-assassino-della-storia-o-maschera-popolare-del-csc-centro-per-gli-studi-criminologici\\\/\"},\"wordCount\":498,\"image\":{\"@id\":\"https:\\\/\\\/www.criminologi.com\\\/web\\\/comunicato-stampa-convegno-il-tombarolo-assassino-della-storia-o-maschera-popolare-del-csc-centro-per-gli-studi-criminologici\\\/#primaryimage\"},\"thumbnailUrl\":\"https:\\\/\\\/www.criminologi.com\\\/web\\\/wp-content\\\/uploads\\\/2025\\\/04\\\/LOCANDINA-TOMBAROLI.png\",\"articleSection\":[\"Archeologia Giudiziaria\",\"Comunicati Stampa\"],\"inLanguage\":\"it-IT\"},{\"@type\":\"WebPage\",\"@id\":\"https:\\\/\\\/www.criminologi.com\\\/web\\\/comunicato-stampa-convegno-il-tombarolo-assassino-della-storia-o-maschera-popolare-del-csc-centro-per-gli-studi-criminologici\\\/\",\"url\":\"https:\\\/\\\/www.criminologi.com\\\/web\\\/comunicato-stampa-convegno-il-tombarolo-assassino-della-storia-o-maschera-popolare-del-csc-centro-per-gli-studi-criminologici\\\/\",\"name\":\"COMUNICATO STAMPA: \\\"Convegno \\\"Il tombarolo: assassino della storia o maschera popolare\\\" del CSC - Centro per gli Studi Criminologici - CSC - Centro per gli Studi Criminologici\",\"isPartOf\":{\"@id\":\"https:\\\/\\\/www.criminologi.com\\\/web\\\/#website\"},\"primaryImageOfPage\":{\"@id\":\"https:\\\/\\\/www.criminologi.com\\\/web\\\/comunicato-stampa-convegno-il-tombarolo-assassino-della-storia-o-maschera-popolare-del-csc-centro-per-gli-studi-criminologici\\\/#primaryimage\"},\"image\":{\"@id\":\"https:\\\/\\\/www.criminologi.com\\\/web\\\/comunicato-stampa-convegno-il-tombarolo-assassino-della-storia-o-maschera-popolare-del-csc-centro-per-gli-studi-criminologici\\\/#primaryimage\"},\"thumbnailUrl\":\"https:\\\/\\\/www.criminologi.com\\\/web\\\/wp-content\\\/uploads\\\/2025\\\/04\\\/LOCANDINA-TOMBAROLI.png\",\"datePublished\":\"2025-04-09T13:45:01+00:00\",\"author\":{\"@id\":\"https:\\\/\\\/www.criminologi.com\\\/web\\\/#\\\/schema\\\/person\\\/ca70c594fb2c8f4461460cec3773e037\"},\"breadcrumb\":{\"@id\":\"https:\\\/\\\/www.criminologi.com\\\/web\\\/comunicato-stampa-convegno-il-tombarolo-assassino-della-storia-o-maschera-popolare-del-csc-centro-per-gli-studi-criminologici\\\/#breadcrumb\"},\"inLanguage\":\"it-IT\",\"potentialAction\":[{\"@type\":\"ReadAction\",\"target\":[\"https:\\\/\\\/www.criminologi.com\\\/web\\\/comunicato-stampa-convegno-il-tombarolo-assassino-della-storia-o-maschera-popolare-del-csc-centro-per-gli-studi-criminologici\\\/\"]}]},{\"@type\":\"ImageObject\",\"inLanguage\":\"it-IT\",\"@id\":\"https:\\\/\\\/www.criminologi.com\\\/web\\\/comunicato-stampa-convegno-il-tombarolo-assassino-della-storia-o-maschera-popolare-del-csc-centro-per-gli-studi-criminologici\\\/#primaryimage\",\"url\":\"https:\\\/\\\/www.criminologi.com\\\/web\\\/wp-content\\\/uploads\\\/2025\\\/04\\\/LOCANDINA-TOMBAROLI.png\",\"contentUrl\":\"https:\\\/\\\/www.criminologi.com\\\/web\\\/wp-content\\\/uploads\\\/2025\\\/04\\\/LOCANDINA-TOMBAROLI.png\",\"width\":3508,\"height\":4961},{\"@type\":\"BreadcrumbList\",\"@id\":\"https:\\\/\\\/www.criminologi.com\\\/web\\\/comunicato-stampa-convegno-il-tombarolo-assassino-della-storia-o-maschera-popolare-del-csc-centro-per-gli-studi-criminologici\\\/#breadcrumb\",\"itemListElement\":[{\"@type\":\"ListItem\",\"position\":1,\"name\":\"Home\",\"item\":\"https:\\\/\\\/www.criminologi.com\\\/web\\\/\"},{\"@type\":\"ListItem\",\"position\":2,\"name\":\"COMUNICATO STAMPA: &#8220;Convegno &#8220;Il tombarolo: assassino della storia o maschera popolare&#8221; del CSC &#8211; Centro per gli Studi Criminologici\"}]},{\"@type\":\"WebSite\",\"@id\":\"https:\\\/\\\/www.criminologi.com\\\/web\\\/#website\",\"url\":\"https:\\\/\\\/www.criminologi.com\\\/web\\\/\",\"name\":\"CSC - Centro per gli Studi Criminologici\",\"description\":\"\",\"potentialAction\":[{\"@type\":\"SearchAction\",\"target\":{\"@type\":\"EntryPoint\",\"urlTemplate\":\"https:\\\/\\\/www.criminologi.com\\\/web\\\/?s={search_term_string}\"},\"query-input\":{\"@type\":\"PropertyValueSpecification\",\"valueRequired\":true,\"valueName\":\"search_term_string\"}}],\"inLanguage\":\"it-IT\"},{\"@type\":\"Person\",\"@id\":\"https:\\\/\\\/www.criminologi.com\\\/web\\\/#\\\/schema\\\/person\\\/ca70c594fb2c8f4461460cec3773e037\",\"name\":\"Sharon Angelucci\",\"image\":{\"@type\":\"ImageObject\",\"inLanguage\":\"it-IT\",\"@id\":\"https:\\\/\\\/secure.gravatar.com\\\/avatar\\\/b0dabd621d4d7142a86ae926952fc346d0ddfd2f06013c7b90ed496cf05d1ebd?s=96&d=mm&r=g\",\"url\":\"https:\\\/\\\/secure.gravatar.com\\\/avatar\\\/b0dabd621d4d7142a86ae926952fc346d0ddfd2f06013c7b90ed496cf05d1ebd?s=96&d=mm&r=g\",\"contentUrl\":\"https:\\\/\\\/secure.gravatar.com\\\/avatar\\\/b0dabd621d4d7142a86ae926952fc346d0ddfd2f06013c7b90ed496cf05d1ebd?s=96&d=mm&r=g\",\"caption\":\"Sharon Angelucci\"},\"url\":\"#\"}]}<\/script>\n<!-- \/ Yoast SEO plugin. -->","yoast_head_json":{"title":"COMUNICATO STAMPA: \"Convegno \"Il tombarolo: assassino della storia o maschera popolare\" del CSC - Centro per gli Studi Criminologici - CSC - Centro per gli Studi Criminologici","robots":{"index":"index","follow":"follow","max-snippet":"max-snippet:-1","max-image-preview":"max-image-preview:large","max-video-preview":"max-video-preview:-1"},"canonical":"https:\/\/www.criminologi.com\/web\/comunicato-stampa-convegno-il-tombarolo-assassino-della-storia-o-maschera-popolare-del-csc-centro-per-gli-studi-criminologici\/","og_locale":"it_IT","og_type":"article","og_title":"COMUNICATO STAMPA: \"Convegno \"Il tombarolo: assassino della storia o maschera popolare\" del CSC - Centro per gli Studi Criminologici - CSC - Centro per gli Studi Criminologici","og_description":"Convegno &#8220;Il tombarolo: assassino della storia o maschera popolare&#8220; 11 aprile 2025 Sala Assemblee della Fondazione Carivit, Palazzo Brugiotti, Via Cavour n. 67, Viterbo CSC &#8211; Centro per gli Studi...","og_url":"https:\/\/www.criminologi.com\/web\/comunicato-stampa-convegno-il-tombarolo-assassino-della-storia-o-maschera-popolare-del-csc-centro-per-gli-studi-criminologici\/","og_site_name":"CSC - Centro per gli Studi Criminologici","article_publisher":"https:\/\/www.facebook.com\/criminologipuntocom\/?fref=ts","article_published_time":"2025-04-09T13:45:01+00:00","og_image":[{"width":724,"height":1024,"url":"https:\/\/www.criminologi.com\/web\/wp-content\/uploads\/2025\/04\/LOCANDINA-TOMBAROLI-724x1024.png","type":"image\/png"}],"author":"Sharon Angelucci","twitter_card":"summary_large_image","twitter_creator":"@CriminologicomC","twitter_site":"@CriminologicomC","twitter_misc":{"Scritto da":"Sharon Angelucci","Tempo di lettura stimato":"3 minuti"},"schema":{"@context":"https:\/\/schema.org","@graph":[{"@type":"Article","@id":"https:\/\/www.criminologi.com\/web\/comunicato-stampa-convegno-il-tombarolo-assassino-della-storia-o-maschera-popolare-del-csc-centro-per-gli-studi-criminologici\/#article","isPartOf":{"@id":"https:\/\/www.criminologi.com\/web\/comunicato-stampa-convegno-il-tombarolo-assassino-della-storia-o-maschera-popolare-del-csc-centro-per-gli-studi-criminologici\/"},"author":{"name":"Sharon Angelucci","@id":"https:\/\/www.criminologi.com\/web\/#\/schema\/person\/ca70c594fb2c8f4461460cec3773e037"},"headline":"COMUNICATO STAMPA: &#8220;Convegno &#8220;Il tombarolo: assassino della storia o maschera popolare&#8221; del CSC &#8211; Centro per gli Studi Criminologici","datePublished":"2025-04-09T13:45:01+00:00","mainEntityOfPage":{"@id":"https:\/\/www.criminologi.com\/web\/comunicato-stampa-convegno-il-tombarolo-assassino-della-storia-o-maschera-popolare-del-csc-centro-per-gli-studi-criminologici\/"},"wordCount":498,"image":{"@id":"https:\/\/www.criminologi.com\/web\/comunicato-stampa-convegno-il-tombarolo-assassino-della-storia-o-maschera-popolare-del-csc-centro-per-gli-studi-criminologici\/#primaryimage"},"thumbnailUrl":"https:\/\/www.criminologi.com\/web\/wp-content\/uploads\/2025\/04\/LOCANDINA-TOMBAROLI.png","articleSection":["Archeologia Giudiziaria","Comunicati Stampa"],"inLanguage":"it-IT"},{"@type":"WebPage","@id":"https:\/\/www.criminologi.com\/web\/comunicato-stampa-convegno-il-tombarolo-assassino-della-storia-o-maschera-popolare-del-csc-centro-per-gli-studi-criminologici\/","url":"https:\/\/www.criminologi.com\/web\/comunicato-stampa-convegno-il-tombarolo-assassino-della-storia-o-maschera-popolare-del-csc-centro-per-gli-studi-criminologici\/","name":"COMUNICATO STAMPA: \"Convegno \"Il tombarolo: assassino della storia o maschera popolare\" del CSC - Centro per gli Studi Criminologici - CSC - Centro per gli Studi Criminologici","isPartOf":{"@id":"https:\/\/www.criminologi.com\/web\/#website"},"primaryImageOfPage":{"@id":"https:\/\/www.criminologi.com\/web\/comunicato-stampa-convegno-il-tombarolo-assassino-della-storia-o-maschera-popolare-del-csc-centro-per-gli-studi-criminologici\/#primaryimage"},"image":{"@id":"https:\/\/www.criminologi.com\/web\/comunicato-stampa-convegno-il-tombarolo-assassino-della-storia-o-maschera-popolare-del-csc-centro-per-gli-studi-criminologici\/#primaryimage"},"thumbnailUrl":"https:\/\/www.criminologi.com\/web\/wp-content\/uploads\/2025\/04\/LOCANDINA-TOMBAROLI.png","datePublished":"2025-04-09T13:45:01+00:00","author":{"@id":"https:\/\/www.criminologi.com\/web\/#\/schema\/person\/ca70c594fb2c8f4461460cec3773e037"},"breadcrumb":{"@id":"https:\/\/www.criminologi.com\/web\/comunicato-stampa-convegno-il-tombarolo-assassino-della-storia-o-maschera-popolare-del-csc-centro-per-gli-studi-criminologici\/#breadcrumb"},"inLanguage":"it-IT","potentialAction":[{"@type":"ReadAction","target":["https:\/\/www.criminologi.com\/web\/comunicato-stampa-convegno-il-tombarolo-assassino-della-storia-o-maschera-popolare-del-csc-centro-per-gli-studi-criminologici\/"]}]},{"@type":"ImageObject","inLanguage":"it-IT","@id":"https:\/\/www.criminologi.com\/web\/comunicato-stampa-convegno-il-tombarolo-assassino-della-storia-o-maschera-popolare-del-csc-centro-per-gli-studi-criminologici\/#primaryimage","url":"https:\/\/www.criminologi.com\/web\/wp-content\/uploads\/2025\/04\/LOCANDINA-TOMBAROLI.png","contentUrl":"https:\/\/www.criminologi.com\/web\/wp-content\/uploads\/2025\/04\/LOCANDINA-TOMBAROLI.png","width":3508,"height":4961},{"@type":"BreadcrumbList","@id":"https:\/\/www.criminologi.com\/web\/comunicato-stampa-convegno-il-tombarolo-assassino-della-storia-o-maschera-popolare-del-csc-centro-per-gli-studi-criminologici\/#breadcrumb","itemListElement":[{"@type":"ListItem","position":1,"name":"Home","item":"https:\/\/www.criminologi.com\/web\/"},{"@type":"ListItem","position":2,"name":"COMUNICATO STAMPA: &#8220;Convegno &#8220;Il tombarolo: assassino della storia o maschera popolare&#8221; del CSC &#8211; Centro per gli Studi Criminologici"}]},{"@type":"WebSite","@id":"https:\/\/www.criminologi.com\/web\/#website","url":"https:\/\/www.criminologi.com\/web\/","name":"CSC - Centro per gli Studi Criminologici","description":"","potentialAction":[{"@type":"SearchAction","target":{"@type":"EntryPoint","urlTemplate":"https:\/\/www.criminologi.com\/web\/?s={search_term_string}"},"query-input":{"@type":"PropertyValueSpecification","valueRequired":true,"valueName":"search_term_string"}}],"inLanguage":"it-IT"},{"@type":"Person","@id":"https:\/\/www.criminologi.com\/web\/#\/schema\/person\/ca70c594fb2c8f4461460cec3773e037","name":"Sharon Angelucci","image":{"@type":"ImageObject","inLanguage":"it-IT","@id":"https:\/\/secure.gravatar.com\/avatar\/b0dabd621d4d7142a86ae926952fc346d0ddfd2f06013c7b90ed496cf05d1ebd?s=96&d=mm&r=g","url":"https:\/\/secure.gravatar.com\/avatar\/b0dabd621d4d7142a86ae926952fc346d0ddfd2f06013c7b90ed496cf05d1ebd?s=96&d=mm&r=g","contentUrl":"https:\/\/secure.gravatar.com\/avatar\/b0dabd621d4d7142a86ae926952fc346d0ddfd2f06013c7b90ed496cf05d1ebd?s=96&d=mm&r=g","caption":"Sharon Angelucci"},"url":"#"}]}},"_links":{"self":[{"href":"https:\/\/www.criminologi.com\/web\/wp-json\/wp\/v2\/posts\/6774","targetHints":{"allow":["GET"]}}],"collection":[{"href":"https:\/\/www.criminologi.com\/web\/wp-json\/wp\/v2\/posts"}],"about":[{"href":"https:\/\/www.criminologi.com\/web\/wp-json\/wp\/v2\/types\/post"}],"author":[{"embeddable":true,"href":"https:\/\/www.criminologi.com\/web\/wp-json\/wp\/v2\/users\/1866"}],"replies":[{"embeddable":true,"href":"https:\/\/www.criminologi.com\/web\/wp-json\/wp\/v2\/comments?post=6774"}],"version-history":[{"count":1,"href":"https:\/\/www.criminologi.com\/web\/wp-json\/wp\/v2\/posts\/6774\/revisions"}],"predecessor-version":[{"id":6776,"href":"https:\/\/www.criminologi.com\/web\/wp-json\/wp\/v2\/posts\/6774\/revisions\/6776"}],"wp:featuredmedia":[{"embeddable":true,"href":"https:\/\/www.criminologi.com\/web\/wp-json\/wp\/v2\/media\/6775"}],"wp:attachment":[{"href":"https:\/\/www.criminologi.com\/web\/wp-json\/wp\/v2\/media?parent=6774"}],"wp:term":[{"taxonomy":"category","embeddable":true,"href":"https:\/\/www.criminologi.com\/web\/wp-json\/wp\/v2\/categories?post=6774"},{"taxonomy":"post_tag","embeddable":true,"href":"https:\/\/www.criminologi.com\/web\/wp-json\/wp\/v2\/tags?post=6774"}],"curies":[{"name":"wp","href":"https:\/\/api.w.org\/{rel}","templated":true}]}}